{"id":52,"date":"2015-12-07T17:43:37","date_gmt":"2015-12-07T17:43:37","guid":{"rendered":"http:\/\/barnadasassessors.com\/?p=52"},"modified":"2016-04-07T16:54:18","modified_gmt":"2016-04-07T16:54:18","slug":"entra-en-vigor-la-nova-llei-de-societats-laborals-i-participades","status":"publish","type":"post","link":"https:\/\/barnadasassessors.com\/?p=52","title":{"rendered":"Entra en vigor la nova Llei de societats laborals i participades"},"content":{"rendered":"<p style=\"text-align: justify;\"><span style=\"text-decoration: underline;\">Entra en vigor la nova Llei de societats laborals i participades<\/span><\/p>\n<p style=\"text-align: justify;\">La llei 44\/2015, de 14 d&#8217;octubre, de societats laborals i Participades, publicada<\/p>\n<p style=\"text-align: justify;\">al BOE de 15 d&#8217;octubre de 2015, ha entrat en vigor el 15 de novembre. Encara<\/p>\n<p style=\"text-align: justify;\">que no estableix una regulaci\u00f3 molt nova respecte de la Llei de societats<\/p>\n<p style=\"text-align: justify;\">laborals de 1997 si que introdueix alguns canvis que implicaran per a algunes<\/p>\n<p style=\"text-align: justify;\">societats laborals la necessitat d&#8217;adaptar els seus estatuts en el termini de dos<\/p>\n<p style=\"text-align: justify;\">anys, \u00e9s a dir, abans del 15 novembre 2017. De no fer-ho, no podran inscriure<\/p>\n<p style=\"text-align: justify;\">documents en el Registre mercantil.<\/p>\n<p style=\"text-align: justify;\">Aquestes s\u00f3n les principals difer\u00e8ncies entre la regulaci\u00f3 de la Llei 44\/2015 i<\/p>\n<p style=\"text-align: justify;\">l&#8217;anterior vigent, la Llei 4\/1997:<\/p>\n<p style=\"text-align: justify;\">REQUISITS PER PODER SER UNA \u00abSOCIETAT LABORAL\u00bb<\/p>\n<p style=\"text-align: justify;\">Segons la nova llei, per a qu\u00e8 una societat pot obtenir la qualificaci\u00f3 de<\/p>\n<p style=\"text-align: justify;\">\u00abSocietat Laboral\u00bb:<\/p>\n<p style=\"text-align: justify;\">a) Almenys la majoria del capital social ha de ser propietat de treballadors que<\/p>\n<p style=\"text-align: justify;\">prestin en ella serveis retribu\u00efts de forma personal i directa, en virtut d&#8217;una<\/p>\n<p style=\"text-align: justify;\">relaci\u00f3 laboral per temps indefinit.<\/p>\n<p style=\"text-align: justify;\">b) Cap dels socis pot ser titular d&#8217;accions o participacions socials que<\/p>\n<p style=\"text-align: justify;\">representin m\u00e9s de la tercera part del capital social, tret que:<\/p>\n<p style=\"text-align: justify;\">\u2022 La societat laboral es constitueixi inicialment per dos socis treballadors amb<\/p>\n<p style=\"text-align: justify;\">contracte per temps indefinit, en la qual tant el capital social com els drets de<\/p>\n<p style=\"text-align: justify;\">vot estaran distribu\u00efts al cinquanta per cent, amb l&#8217;obligaci\u00f3 que en el termini<\/p>\n<p style=\"text-align: justify;\">m\u00e0xim de 36 mesos s&#8217;ajustin al l\u00edmit establert. (Aquesta possibilitat no es<\/p>\n<p style=\"text-align: justify;\">contemplava en l&#8217;anterior Llei 4\/1997).<\/p>\n<p style=\"text-align: justify;\">\u2022 En els sup\u00f2sits de transgressi\u00f3 sobrevinguda dels l\u00edmits anteriors, la societat<\/p>\n<p style=\"text-align: justify;\">est\u00e0 obligada a acomodar a la llei la situaci\u00f3 dels seus socis, en el termini de<\/p>\n<p style=\"text-align: justify;\">divuit mesos a comptar des del primer incompliment. (En l&#8217;anterior llei el termini<\/p>\n<p style=\"text-align: justify;\">era de dotze mesos)<\/p>\n<p style=\"text-align: justify;\">c) Que el nombre d&#8217;hores-any treballades pels treballadors contractats per<\/p>\n<p style=\"text-align: justify;\">temps indefinit que no siguin socis no sigui superior al quaranta-nou per cent<\/p>\n<p style=\"text-align: justify;\">del c\u00f2mput global d&#8217;hores-any treballades en la societat laboral pel conjunt dels<\/p>\n<p style=\"text-align: justify;\">socis treballadors. No computar\u00e0 per al c\u00e0lcul d&#8217;aquest l\u00edmit el treball realitzat<\/p>\n<p style=\"text-align: justify;\">pels treballadors amb discapacitat de qualsevol classe en grau igual o superior<\/p>\n<p style=\"text-align: justify;\">al trenta-tres per cent. (En l&#8217;anterior llei el percentatge m\u00e0xim era del quinze per<\/p>\n<p style=\"text-align: justify;\">cent o del 25 per cent depenent del nombre de socis treballadors de la<\/p>\n<p style=\"text-align: justify;\">societat).<\/p>\n<p style=\"text-align: justify;\">Si fossin superats els l\u00edmits que preveu aquest apartat, la societat haur\u00e0 assolir-<\/p>\n<p style=\"text-align: justify;\">los, de nou, en el termini m\u00e0xim de dotze mesos. L&#8217;\u00f2rgan del qual depengui el<\/p>\n<p style=\"text-align: justify;\">Registre de Societats Laborals podr\u00e0 concedir fins a dues pr\u00f2rrogues, per un<\/p>\n<p style=\"text-align: justify;\">termini m\u00e0xim de dotze mesos cadascuna, sempre que s&#8217;acrediti en cada<\/p>\n<p style=\"text-align: justify;\">sol\u00b7licitud de pr\u00f2rroga que s&#8217;ha avan\u00e7at en el proc\u00e9s d&#8217;adaptaci\u00f3 als l\u00edmits<\/p>\n<p style=\"text-align: justify;\">previstos. El termini d&#8217;adaptaci\u00f3 en els casos de subrogaci\u00f3 legal o<\/p>\n<p style=\"text-align: justify;\">convencional de treballadors ser\u00e0 de trenta-sis mesos, podent sol\u00b7licitar<\/p>\n<p style=\"text-align: justify;\">igualment les pr\u00f2rrogues previstes en aquest apartat. (En l&#8217;anterior llei el termini<\/p>\n<p style=\"text-align: justify;\">d&#8217;adaptaci\u00f3 als l\u00edmits era de tres anys per terceres parts cada un, sense que hi<\/p>\n<p style=\"text-align: justify;\">hagu\u00e9s un sistema de pr\u00f2rrogues autoritzades).<\/p>\n<p style=\"text-align: justify;\">El Registre Mercantil no practicar\u00e0 cap inscripci\u00f3 de modificaci\u00f3 d&#8217;estatuts<\/p>\n<p style=\"text-align: justify;\">d&#8217;una societat laboral que afecti la seva denominaci\u00f3, domicili social,<\/p>\n<p style=\"text-align: justify;\">composici\u00f3 del capital social o r\u00e8gim de transmissi\u00f3 d&#8217;accions i participacions,<\/p>\n<p style=\"text-align: justify;\">sense que s&#8217;aporti per la mateixa certificat del Registre de Societats Laborals<\/p>\n<p style=\"text-align: justify;\">del que resulti, o b\u00e9 la resoluci\u00f3 favorable que aquesta modificaci\u00f3 no afecta la<\/p>\n<p style=\"text-align: justify;\">qualificaci\u00f3 de la societat com laboral, o b\u00e9 l&#8217;anotaci\u00f3 registral del canvi de<\/p>\n<p style=\"text-align: justify;\">domicili.<\/p>\n<p style=\"text-align: justify;\">CAPITAL SOCIAL. CLASSES D&#8217;ACCIONS I PARTICIPACIONS.<\/p>\n<p style=\"text-align: justify;\">1. El capital social estar\u00e0 dividit en accions nominatives o en participacions<\/p>\n<p style=\"text-align: justify;\">socials. Les accions i participacions, siguin de la classe que siguin, tindran el<\/p>\n<p style=\"text-align: justify;\">mateix valor nominal i confereixen els mateixos drets econ\u00f2mics, sense que<\/p>\n<p style=\"text-align: justify;\">sigui v\u00e0lida la creaci\u00f3 d&#8217;accions o participacions privades del dret de vot. (En<\/p>\n<p style=\"text-align: justify;\">l&#8217;anterior llei no s&#8217;exigien aquests requisits i nom\u00e9s s&#8217;exclo\u00efa la possibilitat<\/p>\n<p style=\"text-align: justify;\">d&#8217;emissi\u00f3 d&#8217;accions sense vot en el cas d&#8217;accions de classe laboral)<\/p>\n<p style=\"text-align: justify;\">2. Les accions i participacions de les societats laborals es dividiran en dues<\/p>\n<p style=\"text-align: justify;\">classes: les que siguin propietat dels treballadors la relaci\u00f3 laboral ho sigui per<\/p>\n<p style=\"text-align: justify;\">temps indefinit i les restants. La primera classe es denominar\u00e0 \u00abclasse laboral\u00bb<\/p>\n<p style=\"text-align: justify;\">i la segona \u00abclasse general\u00bb. La societat laboral podr\u00e0 ser titular d&#8217;accions i<\/p>\n<p style=\"text-align: justify;\">participacions de les dues classes.<\/p>\n<p style=\"text-align: justify;\">3. En els sup\u00f2sits de transmissi\u00f3 d&#8217;accions o participacions que suposin un<\/p>\n<p style=\"text-align: justify;\">canvi de classe per ra\u00f3 del seu propietari, els administradors sense necessitat<\/p>\n<p style=\"text-align: justify;\">d&#8217;acord de la Junta General procediran a formalitzar la modificaci\u00f3 de l&#8217;article o<\/p>\n<p style=\"text-align: justify;\">articles dels estatuts als quals aix\u00f2 afecti , atorgant la pertinent escriptura<\/p>\n<p style=\"text-align: justify;\">p\u00fablica que s&#8217;ha d&#8217;inscriure en el Registre Mercantil, un cop inscrita en el<\/p>\n<p style=\"text-align: justify;\">Registre de Societats Laborals.<\/p>\n<p style=\"text-align: justify;\">4. La mem\u00f2ria anual de les societats laborals recollir\u00e0 les variacions de capital<\/p>\n<p style=\"text-align: justify;\">social que hagi experimentat aquesta societat durant l&#8217;exercici econ\u00f2mic de<\/p>\n<p style=\"text-align: justify;\">refer\u00e8ncia.<\/p>\n<p style=\"text-align: justify;\">DRET D&#8217;ADQUISICI\u00d3 PREFERENT EN TRANSMISSIONS INTER VIVOS<\/p>\n<p style=\"text-align: justify;\">L&#8217;article 6 de la Llei 44\/2015 estableix un nou sistema per a la transmissi\u00f3<\/p>\n<p style=\"text-align: justify;\">volunt\u00e0ria d&#8217;accions i participacions tant de la classe general com de la laboral,<\/p>\n<p style=\"text-align: justify;\">simplificant el sistema d&#8217;adquisici\u00f3 preferent regulat en la llei anterior i el<\/p>\n<p style=\"text-align: justify;\">col\u00b7lectiu amb drets de prefer\u00e8ncia.<\/p>\n<p style=\"text-align: justify;\">VALORACI\u00d3 D&#8217;ACCIONS I PARTICIPACIONS a l&#8217;efecte de TRANSMISSI\u00d3<\/p>\n<p style=\"text-align: justify;\">O AMORTITZACI\u00d3.<\/p>\n<p style=\"text-align: justify;\">La nova llei permet que els socis de la societat laboral puguin acordar en els<\/p>\n<p style=\"text-align: justify;\">estatuts socials els criteris i sistemes de determinaci\u00f3 pr\u00e8via del valor de les<\/p>\n<p style=\"text-align: justify;\">accions o participacions per als sup\u00f2sits de la seva transmissi\u00f3 o amortitzaci\u00f3,<\/p>\n<p style=\"text-align: justify;\">en aquest cas preval aquest valor. Si aquesta possibilitat s&#8217;estableix un cop<\/p>\n<p style=\"text-align: justify;\">constitu\u00efda la societat, no \u00e9s aplicable als socis que no van votar a favor de<\/p>\n<p style=\"text-align: justify;\">l&#8217;acord de modificaci\u00f3 dels estatuts.<\/p>\n<p style=\"text-align: justify;\">TRANSMISSI\u00d3 D&#8217;ACCIONS I PARTICIPACIONS EN ELS SUP\u00d2SITS<\/p>\n<p style=\"text-align: justify;\">D&#8217;EXTINCI\u00d3 DE LA RELACI\u00d3 LABORAL.<\/p>\n<p style=\"text-align: justify;\">La nova llei amplia la possibilitat que els estatuts puguin establir normes<\/p>\n<p style=\"text-align: justify;\">especials de transmissi\u00f3 als casos de p\u00e8rdua de la condici\u00f3 de treballador per<\/p>\n<p style=\"text-align: justify;\">subrogaci\u00f3 legal o convencional.<\/p>\n<p style=\"text-align: justify;\">ADQUISICI\u00d3 PER LA SOCIETAT DE LES SEVES PR\u00d2PIES ACCIONS O<\/p>\n<p style=\"text-align: justify;\">PARTICIPACIONS.<\/p>\n<p style=\"text-align: justify;\">L&#8217;article 12 de la llei 44\/2015 regula de forma innovadora l&#8217;adquisici\u00f3 per la<\/p>\n<p style=\"text-align: justify;\">societat de les seves pr\u00f2pies accions i participacions, per facilitar la seva<\/p>\n<p style=\"text-align: justify;\">transmissi\u00f3 en el termini m\u00e0xim de tres anys als treballadors amb contracte per<\/p>\n<p style=\"text-align: justify;\">temps indefinit. A m\u00e9s la llei incorpora per primera vegada la possibilitat que la<\/p>\n<p style=\"text-align: justify;\">societat faciliti assist\u00e8ncia financera als treballadors per a l&#8217;adquisici\u00f3 de capital<\/p>\n<p style=\"text-align: justify;\">social.<\/p>\n<p style=\"text-align: justify;\">ALTRES Q\u00dcESTIONS.<\/p>\n<p style=\"text-align: justify;\">L&#8217;article 13 regula l&#8217;\u00f2rgan d&#8217;administraci\u00f3, i l&#8217;article 14, referent a la reserva<\/p>\n<p style=\"text-align: justify;\">especial, amplia els fins a qu\u00e8 es pot destinar ja que a m\u00e9s de compensar<\/p>\n<p style=\"text-align: justify;\">p\u00e8rdues, es pot aplicar a l&#8217;adquisici\u00f3 d&#8217;autocartera per part de la societat amb el<\/p>\n<p style=\"text-align: justify;\">objecte de facilitar la seva posterior alienaci\u00f3 pels treballadors, tot aix\u00f2 en l\u00ednia<\/p>\n<p style=\"text-align: justify;\">amb un dels objectius principals de la llei que \u00e9s l&#8217;articulaci\u00f3 de mecanismes<\/p>\n<p style=\"text-align: justify;\">per procurar l&#8217;acc\u00e9s dels treballadors a la condici\u00f3 de socis.<\/p>\n<p style=\"text-align: justify;\">A m\u00e9s, l&#8217;obligaci\u00f3 de dotaci\u00f3 de la reserva es limita fins que arribi a una quantia<\/p>\n<p style=\"text-align: justify;\">d&#8217;almenys una xifra superior al doble del capital social.<\/p>\n<p style=\"text-align: justify;\">L&#8217;article 15 regula la p\u00e8rdua de la qualificaci\u00f3 de la societat com laboral, i<\/p>\n<p style=\"text-align: justify;\">l&#8217;article 16 estableix els sup\u00f2sits de separaci\u00f3 i exclusi\u00f3 de socis no regulats<\/p>\n<p style=\"text-align: justify;\">fins ara.<\/p>\n","protected":false},"excerpt":{"rendered":"<p>Entra en vigor la nova Llei de societats laborals i participades La llei 44\/2015, de 14 d&#8217;octubre, de societats laborals i Participades, publicada al BOE de 15 d&#8217;octubre de 2015, ha entrat en vigor el 15 de novembre. Encara que no estableix una regulaci\u00f3 molt nova respecte de la Llei de societats laborals de 1997 [&hellip;]<\/p>\n","protected":false},"author":1,"featured_media":0,"comment_status":"open","ping_status":"open","sticky":false,"template":"","format":"standard","meta":[],"categories":[1],"tags":[],"_links":{"self":[{"href":"https:\/\/barnadasassessors.com\/index.php?rest_route=\/wp\/v2\/posts\/52"}],"collection":[{"href":"https:\/\/barnadasassessors.com\/index.php?rest_route=\/wp\/v2\/posts"}],"about":[{"href":"https:\/\/barnadasassessors.com\/index.php?rest_route=\/wp\/v2\/types\/post"}],"author":[{"embeddable":true,"href":"https:\/\/barnadasassessors.com\/index.php?rest_route=\/wp\/v2\/users\/1"}],"replies":[{"embeddable":true,"href":"https:\/\/barnadasassessors.com\/index.php?rest_route=%2Fwp%2Fv2%2Fcomments&post=52"}],"version-history":[{"count":1,"href":"https:\/\/barnadasassessors.com\/index.php?rest_route=\/wp\/v2\/posts\/52\/revisions"}],"predecessor-version":[{"id":53,"href":"https:\/\/barnadasassessors.com\/index.php?rest_route=\/wp\/v2\/posts\/52\/revisions\/53"}],"wp:attachment":[{"href":"https:\/\/barnadasassessors.com\/index.php?rest_route=%2Fwp%2Fv2%2Fmedia&parent=52"}],"wp:term":[{"taxonomy":"category","embeddable":true,"href":"https:\/\/barnadasassessors.com\/index.php?rest_route=%2Fwp%2Fv2%2Fcategories&post=52"},{"taxonomy":"post_tag","embeddable":true,"href":"https:\/\/barnadasassessors.com\/index.php?rest_route=%2Fwp%2Fv2%2Ftags&post=52"}],"curies":[{"name":"wp","href":"https:\/\/api.w.org\/{rel}","templated":true}]}}