{"id":47,"date":"2015-11-03T18:05:00","date_gmt":"2015-11-03T18:05:00","guid":{"rendered":"http:\/\/barnadasassessors.com\/?p=47"},"modified":"2015-11-04T08:34:21","modified_gmt":"2015-11-04T08:34:21","slug":"aspectes-mes-rellevants-de-la-llei-482015-de-29-doctubre-de-pressupostos-generals-de-l-estat-per-a-lany-2016-b-o-e-num-260-de-30102015","status":"publish","type":"post","link":"https:\/\/barnadasassessors.com\/?p=47","title":{"rendered":"Aspectes m\u00e9s rellevants de la Llei 48\/2015, de 29 d\u2019octubre, de Pressupostos Generals de l\u2019 Estat per a l\u2019any 2016 (B.O.E. n\u00fam 260 de 30\/10\/2015)"},"content":{"rendered":"<p style=\"text-align: justify;\"><strong><u>Aspectes m\u00e9s rellevants de la Llei 48\/2015, de 29 d\u2019octubre, de Pressupostos Generals de l\u2019 Estat per a l\u2019any 2016 (B.O.E. n\u00fam 260 de 30\/10\/2015)<\/u><\/strong><\/p>\n<p style=\"text-align: justify;\"><strong>Pensions P\u00fabliques.<\/strong><\/p>\n<p style=\"text-align: justify;\">El l\u00edmit m\u00e0xim de percepci\u00f3 de pensions p\u00fabliques, tant de les que se causin al 2016 com de les que estiguessin ja causades a 31 de desembre de 2015, ja sigui que es percebin soles o en concurr\u00e8ncia amb d\u2019altres, ser\u00e0 durant 2016 de 2.567,28 euros mensuals. \u00c9s a dir, les pensions p\u00fabliques no podran superar durant l\u2019any 2016 la quantitat \u00edntegra de 2.567,28 euros mensuals, sens perjudici de les pagues extraordin\u00e0ries que puguin correspondre.<\/p>\n<p style=\"text-align: justify;\">Las pensiones abonades pel sistema de la Seguretat Social, en la modalitat contributiva, experimentaran l\u2019any 2016 un increment general del 0,25%. Les pensions que excedeixin de 2.567,28 euros \u00edntegres en c\u00f2mput mensual no experimentaran cap increment.<\/p>\n<p style=\"text-align: justify;\"><u>\u00a0<\/u><\/p>\n<p style=\"text-align: justify;\"><strong>Bases i tipus de cotitzaci\u00f3 a la Seguridad Social, atur, Protecci\u00f3 per cesament d\u2019activitat, Fons de Garantia Salarial i Formaci\u00f3 Professional durant l\u2019any 2016<\/strong><\/p>\n<p style=\"text-align: justify;\">La base m\u00e0xima de cotitzaci\u00f3 en cada un dels r\u00e8gims de la Seguretat Social que el tinguin establert queda fixat en la quantitat de 3.642,00 euros mensuals i el m\u00ednim ser\u00e0 l\u2019equivalent al SMI vigent en cada moment, incrementada en un sis\u00e8, excepte disposici\u00f3 expressa en contrari.<\/p>\n<p style=\"text-align: justify;\">Las bases mensuals de cotitzaci\u00f3 per a totes les conting\u00e8ncies i situacions protegides pel R\u00e8gim General de la Seguridad Social, exceptuant les d\u2019accidents de treball i malaltia professional, estaran limitades, per a cada grup de categories professionals, per les bases m\u00ednimes i m\u00e0ximes seg\u00fcents:<\/p>\n<p style=\"text-align: justify;\">Les bases m\u00ednimes de cotitzaci\u00f3, segons categories professionals i grups de cotitzaci\u00f3, des de U de gener de 2016 s\u2019incrementaran respecte les vigents a 31 de desembre de 2015, en el mateix percentatge en el que s\u2019augmenti el SMI.\u00a0 Las bases m\u00e0ximes, qualsevol que sigui la categoria professional i grup de cotitzaci\u00f3, seran de 3.642,00 euros mensuals o de 121,40 euros diaris.<\/p>\n<p style=\"text-align: justify;\">Els tipus de cotitzaci\u00f3 al R\u00e8gim General de la Seguretat Social seran:<\/p>\n<p style=\"text-align: justify;\">Per a conting\u00e8ncies comunes el 28,30 % (23,6 % a c\u00e0rrec de l\u2019empresa i el 4,70% a c\u00e0rrec del treballador).\u00a0 Per a les conting\u00e8ncies d\u2019accidents de treball i malaltia professional es mant\u00e9 vigent la tarifa de primes aprovada per la disposici\u00f3 addicional quarta de la Llei de Pressupostos Generals de l\u2019Estat per a l\u2019any 2007, \u00e9ssent les primes resultants a c\u00e0rrec exclusiu de l\u2019empresa.<\/p>\n<p style=\"text-align: justify;\">Els tipus de cotitzaci\u00f3 al RETA Agrari seran:<\/p>\n<ol style=\"text-align: justify;\">\n<li>A) Durant els per\u00edodes d\u2019activitat: Per a conting\u00e8ncies comunes, respecte als treballadors enquadrats al grup de cotitzaci\u00f3 1, el 28,30 % % (23,6 % a c\u00e0rrec de l\u2019empresa i el 4,70% a c\u00e0rrec del treballador). Respecte als treballadors enquadrats en els grups de cotitzaci\u00f3 2 a 11 el 22,45 % % (17,75 % a c\u00e0rrec de l\u2019empresa i el 4,70% a c\u00e0rrec del treballador). En la cotitzaci\u00f3 per conting\u00e8ncies professionals, s\u2019aplicaran el tipus de cotitzaci\u00f3 de la tarifa de primes aprovada per la disposici\u00f3 addicional quarta de la Llei de Pressupostos Generals de l\u2019Estat per al 2007, \u00e9ssent les primes resultants a c\u00e0rrec exclusiu de l\u2019empres<\/li>\n<li>B) Durant els per\u00edodes d\u2019inactivitat, el tipus de cotitzaci\u00f3 ser\u00e0 l\u201911,50 %, \u00e9ssent la cotitzaci\u00f3 resultant a c\u00e0rrec exclusiu del treballador.<\/li>\n<\/ol>\n<p style=\"text-align: justify;\">Cotitzaci\u00f3 al Sistema Especial \u201cEmpleados del Hogar\u201d. Las bases per a conting\u00e8ncies comunes i professionals per al 2016 es determinaran actualitzant les retribucions mensuals i les bases de cotitzaci\u00f3 de l\u2019escala vigent l\u2019any 2015, en id\u00e8ntica proporci\u00f3 a l\u2019increment que experimenti el SMI.\u00a0 Durant el 2016, el tipus de cotitzaci\u00f3 per conting\u00e8ncies comunes ser\u00e0 el 25,60 % \u00a0(21,35% a c\u00e0rrec de l\u2019ocupant i el 4,25% a c\u00e0rrec del treballador).\u00a0 Per a la cotitzaci\u00f3 per conting\u00e8ncies laborals s\u2019aplicar\u00e0 el tipus de cotitzaci\u00f3 previst a la tarifa de primes incloses a la disposici\u00f3 addicional quarta de la Llei 42\/2006 de 28 de desembre, de PGE per al 2007, \u00e9ssent a carrec exclusiu de l\u2019ocupador. Per al 2016 es mant\u00e9 la reducci\u00f3 aplicable del 20% en l\u2019aportaci\u00f3 empresarial a la cotitzaci\u00f3 per conting\u00e8ncies comunes per als ocupadors que haguessin contractat i donat d\u2019alta al R\u00e8gim General, a un treballador dom\u00e8stic partir de 01\/01\/2012, sempre i quan el treballador no hagu\u00e9s figurat d\u2019alta al R\u00e8gim Especial de Treballadors Dom\u00e8stics a temps complert, per al mateix ocupadors, dins del per\u00edode compr\u00e8s entre el 02\/08\/2011 i el 31\/12\/2011. En el sup\u00f2sit de fam\u00edlies numeroses tamb\u00e9 es mant\u00e9 la bonificaci\u00f3 del 45% per a l\u2019exercici 2016.<\/p>\n<p style=\"text-align: justify;\"><u>Treballadors per Compte propi o Aut\u00f2noms.<\/u><\/p>\n<p style=\"text-align: justify;\">Base m\u00e0xima: 3.642,00 \u20ac mensuals. Base m\u00ednima: 893,10 \u20ac mensuals. La base de cotitzaci\u00f3 dels treballadors aut\u00f2noms que a 1\/01\/2016 tinguin una edat inferior a 47 anys, ser\u00e0 l\u2019escollida per ells dins les bases m\u00e0xima i m\u00ednima indicades, de la mateixa manera que els treballadors aut\u00f2noms que a 01\/01\/2016 tinguin 47 anys d\u2019edat i la seva base de cotitzaci\u00f3 del mes de desembre de 2015 sigui igual o superior a 1.945,80 \u20ac, o que causin alta en aquest R\u00e8gim Especial amb posterioritat a la referida data.<\/p>\n<p style=\"text-align: justify;\">Els treballadors aut\u00f2noms que a 1\/01\/2016 tinguin <strong>47 anys d\u2019edat<\/strong>, si la seva base de cotitzaci\u00f3 fos inferior a 1.945,80 \u20ac mensuals \u00a0no podran escollir una base de quantia superior a 1.964,70 \u20ac mensuals, a no ser que exercitin la seva oposici\u00f3 en aquest sentit amb anterioritat a 30\/06\/2016, produint efectes a partir de l\u20191\/07\/2016, o que es tracti del c\u00f2njuge supervivent del titular del negoci qui, com a conseq\u00fc\u00e8ncia de la mort d\u2019aquest, hagi hagut de posar-se al davant del mateix i donar-se d\u2019alta en aquest R\u00e8gim Especial amb 47 anys d\u2019edat (en aquest sup\u00f2sit no hi ha limitacions).<\/p>\n<p style=\"text-align: justify;\">La base de cotitzaci\u00f3 dels treballadors aut\u00f2noms que, a 01\/01\/2016 <strong>tinguin 48 anys o m\u00e9s<\/strong>, estar\u00e0 compresa entre 963,30 i 1.964,70 \u20ac mensuals, excepte que es tracti del c\u00f2njuge supervivent del titular del negoci que, com a conseq\u00fc\u00e8ncia de la mort d\u2019aquest, hagi hagut de posar-se al davant del mateix i donar-se d\u2019alta en aquest R\u00e8gim Especial amb 4 anys d\u2019edat. En aquest sup\u00f2sit l\u2019elecci\u00f3 de les bases estar\u00e0 compresa entre 893,10 i 1.964,70 \u20ac mensuals.<\/p>\n<p style=\"text-align: justify;\">No obstant, els treballadors aut\u00f2noms que amb anterioritat als 50 anys haguessin cotitzat cinc anys o m\u00e9s en qualsevol dels R\u00e8gims el Sistema de la Seguretat Social, es regiran per les seg\u00fcents regles: Si la \u00faltima base de cotitzaci\u00f3 acreditada hagu\u00e9s estat igual o inferior a 1.945,80 euros mensuals, hauran de cotitzar per una base compresa entre 893,10 i 1.964,70 \u20ac mensuals. Si la \u00faltima base de cotitzaci\u00f3 acreditada hagu\u00e9s estat superior a 1.945,80 \u20ac mensuals, hauran de cotitzar per una base compresa entre 893,10 i l\u2019import d\u2019aquesta, incrementada en un 1%, podent escollir una base de fins a 1.964,70 \u20ac mensuals.<\/p>\n<p style=\"text-align: justify;\">El tipus de cotitzaci\u00f3 al RETA ser\u00e0 el 29,80 % o el 29,30 % si l\u2019interessat est\u00e0 acollit al sistema de protecci\u00f3 per conting\u00e8ncies professionals, o del 26,50 % quan l\u2019interessat no tingui coberta la IT.<\/p>\n<p style=\"text-align: justify;\">Els treballadors inclosos en aquest R\u00e8gim Especial que no tinguin coberta la protecci\u00f3 de conting\u00e8ncies professionals, cotitzaran addicionalment un 0,10 %, aplicat a la base de cotitzaci\u00f3 escollida<\/p>\n<p style=\"text-align: justify;\">Per a les conting\u00e8ncies professionals s\u2019aplicaran els percentatges de la tarifa de primes aprovada en la disposici\u00f3 addicional quarta de la Llei de Pressupostos Generals de l\u2019Estat per a l\u2019any 2007. Per als treballadors aut\u00f2noms que en algun moment de l\u2019any 2015 i simult\u00e0niament hagin tingut contractat al seu servei un n\u00famero de treballadors per compte aliena igual o superior a 10, la base m\u00ednima de cotitzaci\u00f3 per al 2016 tindr\u00e0 una quantitat igual a la prevista com a base m\u00ednima per als treballadors enquadrats en el grup de cotitzaci\u00f3 1 del R\u00e8gim General.<\/p>\n<p style=\"text-align: justify;\">Aquesta base m\u00ednima de s\u2019aplicar\u00e0 tamb\u00e9 el 2016 als treballadors aut\u00f2noms inclosos en aquest r\u00e8gim especial d\u2019acord amb el que s\u2019estableix a la disposici\u00f3 addicional 27 del TRLLGSS i de l\u2019 article 21.3 de la Llei 4\/1997, de 24\/03, de Societats Laborals, a excepci\u00f3 d\u2019aquells que hi causin alta inicial durant los 12 primers mesos de la seva activitat, a comptar des de la data d\u2019efecte de l\u2019 alta.<\/p>\n<p style=\"text-align: justify;\">\n","protected":false},"excerpt":{"rendered":"<p>Aspectes m\u00e9s rellevants de la Llei 48\/2015, de 29 d\u2019octubre, de Pressupostos Generals de l\u2019 Estat per a l\u2019any 2016 (B.O.E. n\u00fam 260 de 30\/10\/2015) Pensions P\u00fabliques. El l\u00edmit m\u00e0xim de percepci\u00f3 de pensions p\u00fabliques, tant de les que se causin al 2016 com de les que estiguessin ja causades a 31 de desembre de [&hellip;]<\/p>\n","protected":false},"author":1,"featured_media":0,"comment_status":"open","ping_status":"open","sticky":false,"template":"","format":"standard","meta":[],"categories":[1],"tags":[],"_links":{"self":[{"href":"https:\/\/barnadasassessors.com\/index.php?rest_route=\/wp\/v2\/posts\/47"}],"collection":[{"href":"https:\/\/barnadasassessors.com\/index.php?rest_route=\/wp\/v2\/posts"}],"about":[{"href":"https:\/\/barnadasassessors.com\/index.php?rest_route=\/wp\/v2\/types\/post"}],"author":[{"embeddable":true,"href":"https:\/\/barnadasassessors.com\/index.php?rest_route=\/wp\/v2\/users\/1"}],"replies":[{"embeddable":true,"href":"https:\/\/barnadasassessors.com\/index.php?rest_route=%2Fwp%2Fv2%2Fcomments&post=47"}],"version-history":[{"count":3,"href":"https:\/\/barnadasassessors.com\/index.php?rest_route=\/wp\/v2\/posts\/47\/revisions"}],"predecessor-version":[{"id":50,"href":"https:\/\/barnadasassessors.com\/index.php?rest_route=\/wp\/v2\/posts\/47\/revisions\/50"}],"wp:attachment":[{"href":"https:\/\/barnadasassessors.com\/index.php?rest_route=%2Fwp%2Fv2%2Fmedia&parent=47"}],"wp:term":[{"taxonomy":"category","embeddable":true,"href":"https:\/\/barnadasassessors.com\/index.php?rest_route=%2Fwp%2Fv2%2Fcategories&post=47"},{"taxonomy":"post_tag","embeddable":true,"href":"https:\/\/barnadasassessors.com\/index.php?rest_route=%2Fwp%2Fv2%2Ftags&post=47"}],"curies":[{"name":"wp","href":"https:\/\/api.w.org\/{rel}","templated":true}]}}