{"id":141,"date":"2016-10-13T15:43:30","date_gmt":"2016-10-13T15:43:30","guid":{"rendered":"http:\/\/barnadasassessors.com\/?p=141"},"modified":"2016-10-13T15:43:30","modified_gmt":"2016-10-13T15:43:30","slug":"saprova-el-calendari-de-dies-inhabils-corresponent-al-periode-compres-entre-el-2-doctubre-i-el-31-de-desembre-de-2016","status":"publish","type":"post","link":"https:\/\/barnadasassessors.com\/?p=141","title":{"rendered":"S&#8217;aprova el calendari de Dies inh\u00e0bils Corresponent al per\u00edode compr\u00e8s entre el 2 d&#8217;octubre i el 31 de desembre de 2016"},"content":{"rendered":"<p style=\"text-align: justify;\">S&#8217;aprova el calendari de Dies inh\u00e0bils Corresponent al per\u00edode compr\u00e8s entre el 2 d&#8217;octubre i el 31 de desembre de 2016, per a L&#8217;Administraci\u00f3 General de l&#8217;Estat i els seus Organismes P\u00fablics, als efectes de c\u00f2mputs de terminis.<br \/>\nA partir del 2 d&#8217;octubre de 2016, seran dies inh\u00e0bils, en l&#8217;\u00c0mbit de l&#8217;Administraci\u00f3 General de l&#8217;Estat, als efectes de c\u00f2mputs de terminis: a) En Tot el Territori Nacional: els Dissabtes, Els Diumenges i els dies declarats Com festes de \u00e0mbit nacional no substitu\u00efbles, o sobre els que la totalitat de les comunitats aut\u00f2nomes no ha exercit la facultat de substituci\u00f3. b) En L&#8217;\u00c0mbit territorial de les comunitats aut\u00f2nomes: Aquells Dies festius determinats per Cada Com comunitat aut\u00f2noma. c) En els \u00c0mbits territorials de les entitats que Integren l&#8217;Administraci\u00f3 local: els dies que estableixin les respectives comunitats aut\u00f2nomes en els seus corresponents calendaris de dies inh\u00e0bils.<\/p>\n","protected":false},"excerpt":{"rendered":"<p>S&#8217;aprova el calendari de Dies inh\u00e0bils Corresponent al per\u00edode compr\u00e8s entre el 2 d&#8217;octubre i el 31 de desembre de 2016, per a L&#8217;Administraci\u00f3 General de l&#8217;Estat i els seus Organismes P\u00fablics, als efectes de c\u00f2mputs de terminis. A partir del 2 d&#8217;octubre de 2016, seran dies inh\u00e0bils, en l&#8217;\u00c0mbit de l&#8217;Administraci\u00f3 General de l&#8217;Estat, [&hellip;]<\/p>\n","protected":false},"author":1,"featured_media":0,"comment_status":"open","ping_status":"open","sticky":false,"template":"","format":"standard","meta":[],"categories":[1],"tags":[],"_links":{"self":[{"href":"https:\/\/barnadasassessors.com\/index.php?rest_route=\/wp\/v2\/posts\/141"}],"collection":[{"href":"https:\/\/barnadasassessors.com\/index.php?rest_route=\/wp\/v2\/posts"}],"about":[{"href":"https:\/\/barnadasassessors.com\/index.php?rest_route=\/wp\/v2\/types\/post"}],"author":[{"embeddable":true,"href":"https:\/\/barnadasassessors.com\/index.php?rest_route=\/wp\/v2\/users\/1"}],"replies":[{"embeddable":true,"href":"https:\/\/barnadasassessors.com\/index.php?rest_route=%2Fwp%2Fv2%2Fcomments&post=141"}],"version-history":[{"count":1,"href":"https:\/\/barnadasassessors.com\/index.php?rest_route=\/wp\/v2\/posts\/141\/revisions"}],"predecessor-version":[{"id":142,"href":"https:\/\/barnadasassessors.com\/index.php?rest_route=\/wp\/v2\/posts\/141\/revisions\/142"}],"wp:attachment":[{"href":"https:\/\/barnadasassessors.com\/index.php?rest_route=%2Fwp%2Fv2%2Fmedia&parent=141"}],"wp:term":[{"taxonomy":"category","embeddable":true,"href":"https:\/\/barnadasassessors.com\/index.php?rest_route=%2Fwp%2Fv2%2Fcategories&post=141"},{"taxonomy":"post_tag","embeddable":true,"href":"https:\/\/barnadasassessors.com\/index.php?rest_route=%2Fwp%2Fv2%2Ftags&post=141"}],"curies":[{"name":"wp","href":"https:\/\/api.w.org\/{rel}","templated":true}]}}