{"id":1,"date":"2015-05-06T10:32:30","date_gmt":"2015-05-06T10:32:30","guid":{"rendered":"http:\/\/barnadasassessors.com\/?p=1"},"modified":"2015-07-02T15:19:38","modified_gmt":"2015-07-02T15:19:38","slug":"hola-mundo","status":"publish","type":"post","link":"https:\/\/barnadasassessors.com\/?p=1","title":{"rendered":"Rajoy avan\u00e7a sis mesos la rebaixa de l&#8217;IRPF"},"content":{"rendered":"<p class=\"mce\">El president del govern espanyol,<strong class=\"mce\"> Mariano Rajoy<\/strong>, ha anunciat aquest dijous que l&#8217;executiu avan\u00e7ar\u00e0 sis mesos la rebaixa de l&#8217;IRPF prevista per al 2016, fet que suposar\u00e0 posar a les butxaques dels contribuents<strong class=\"mce\"> 1.500 milions d&#8217;euros<\/strong> addicionals en aquest mig any. Aix\u00f2 vol dir que des del passat 1 de juliol, els treballadors ja notaran a les seves n\u00f2mines el canvi: pagaran un punt menys d&#8217;impostos els sous m\u00e9s baixos, i dos punts menys els m\u00e9s alts.<\/p>\n<p class=\"mce\">Amb un discurs triomfalista, Rajoy ha anunciat tamb\u00e9 que el govern espanyol <strong class=\"mce\">elevar\u00e0 del 2,9% al 3,3% la previsi\u00f3<\/strong> de creixement del producte interior brut (PIB) per a any 2015. La modificaci\u00f3 es far\u00e0 durant aquest mes i tamb\u00e9 inclour\u00e0 una revisi\u00f3 a l&#8217;al\u00e7a del creixement del 2016, que passar\u00e0 al 3%, en lloc del 2.9%.<\/p>\n<p class=\"mce\">El president espanyol tamb\u00e9 ha anunciat, en un acte de celebraci\u00f3 dels 29 anys del diari &#8216;Expansi\u00f3n&#8217;, que l&#8217;executiu <strong class=\"mce\">aprovar\u00e0 els pressupostos<\/strong> abans de la fi de la legislatura i que portaran al programa electoral altres canvis fiscals, com la reducci\u00f3 de la retenci\u00f3 als professionals al tipus del 15%, que ara com ara nom\u00e9s paguen els que ingressen menys de 15.000 euros.<\/p>\n<p class=\"mce\">Rajoy<strong class=\"mce\"> ha carregat<\/strong> contra els que reclamen un canvi perqu\u00e8 ha considerat que aquesta necessitat va quedar satisfeta amb la vict\u00f2ria del PP el 2011, quan es va fer &#8220;el canvi de deb\u00f2&#8221;. &#8220;Si ning\u00fa frena el canvi iniciat el 2011 podr\u00edem estar davant del cicle expansiu m\u00e9s llarg de la nostra hist\u00f2ria&#8221;, ha assegurat el president en un discurs carregat d&#8217;<strong class=\"mce\"> optimisme<\/strong>.<\/p>\n<p class=\"mce\">Extret del diari <a href=\"http:\/\/www.ara.cat\/economia\/Rajoy-avanca-mesos-rebaixa-lIRPF_0_1386461516.html\" target=\"_blank\">Ara<\/a><\/p>\n","protected":false},"excerpt":{"rendered":"<p>El president del govern espanyol, Mariano Rajoy, ha anunciat aquest dijous que l&#8217;executiu avan\u00e7ar\u00e0 sis mesos la rebaixa de l&#8217;IRPF prevista per al 2016, fet que suposar\u00e0 posar a les butxaques dels contribuents 1.500 milions d&#8217;euros addicionals en aquest mig any. Aix\u00f2 vol dir que des del passat 1 de juliol, els treballadors ja notaran [&hellip;]<\/p>\n","protected":false},"author":1,"featured_media":24,"comment_status":"open","ping_status":"open","sticky":false,"template":"","format":"standard","meta":[],"categories":[1],"tags":[],"_links":{"self":[{"href":"https:\/\/barnadasassessors.com\/index.php?rest_route=\/wp\/v2\/posts\/1"}],"collection":[{"href":"https:\/\/barnadasassessors.com\/index.php?rest_route=\/wp\/v2\/posts"}],"about":[{"href":"https:\/\/barnadasassessors.com\/index.php?rest_route=\/wp\/v2\/types\/post"}],"author":[{"embeddable":true,"href":"https:\/\/barnadasassessors.com\/index.php?rest_route=\/wp\/v2\/users\/1"}],"replies":[{"embeddable":true,"href":"https:\/\/barnadasassessors.com\/index.php?rest_route=%2Fwp%2Fv2%2Fcomments&post=1"}],"version-history":[{"count":3,"href":"https:\/\/barnadasassessors.com\/index.php?rest_route=\/wp\/v2\/posts\/1\/revisions"}],"predecessor-version":[{"id":25,"href":"https:\/\/barnadasassessors.com\/index.php?rest_route=\/wp\/v2\/posts\/1\/revisions\/25"}],"wp:featuredmedia":[{"embeddable":true,"href":"https:\/\/barnadasassessors.com\/index.php?rest_route=\/wp\/v2\/media\/24"}],"wp:attachment":[{"href":"https:\/\/barnadasassessors.com\/index.php?rest_route=%2Fwp%2Fv2%2Fmedia&parent=1"}],"wp:term":[{"taxonomy":"category","embeddable":true,"href":"https:\/\/barnadasassessors.com\/index.php?rest_route=%2Fwp%2Fv2%2Fcategories&post=1"},{"taxonomy":"post_tag","embeddable":true,"href":"https:\/\/barnadasassessors.com\/index.php?rest_route=%2Fwp%2Fv2%2Ftags&post=1"}],"curies":[{"name":"wp","href":"https:\/\/api.w.org\/{rel}","templated":true}]}}